{"id":1686,"date":"2026-03-19T21:54:47","date_gmt":"2026-03-19T20:54:47","guid":{"rendered":"https:\/\/immix.cz\/bezproblemova-logistika-pro-vasi-akci-v-t-arene-brno\/"},"modified":"2026-04-15T16:20:05","modified_gmt":"2026-04-15T14:20:05","slug":"bezproblemova-logistika-pro-vasi-akci-v-t-arene-brno","status":"publish","type":"post","link":"https:\/\/immix.cz\/en\/bezproblemova-logistika-pro-vasi-akci-v-t-arene-brno\/","title":{"rendered":"Seamless logistics for your event at T-Arena Brno"},"content":{"rendered":"<h3>Complete service from transportation to handling \u2013 right next to the venue<\/h3>\n<ul>\n<li>We\u2019re just 200&nbsp;m far from the arena.<\/li>\n<li>We have over 20 years of experience with international productions.<\/li>\n<li>We\u2019ll handle everything turnkey so you can focus on the success of your event.<\/li>\n<\/ul>\n\n\n<div class=\"wp-block-buttons is-layout-flex wp-block-buttons-is-layout-flex\">\n<div class=\"wp-block-button\"><a class=\"wp-block-button__link wp-element-button\" href=\"#contact-form\"><strong><strong>GET A&nbsp;NO-OBLIGATION QUOTE<\/strong><\/strong><\/a><\/div>\n<\/div>\n\n\n\n<div class=\"wp-block-columns is-layout-flex wp-container-core-columns-is-layout-28f84493 wp-block-columns-is-layout-flex\">\n<div class=\"wp-block-column is-layout-flow wp-block-column-is-layout-flow\">\n<h2 class=\"wp-block-heading\"><strong><strong><strong>WHY IMMIX?<\/strong><\/strong><\/strong><\/h2>\n\n\n\n<h3 class=\"wp-block-heading\">Your support team right around the corner<\/h3>\n\n\n\n<p>We don\u2019t need any dedicated space within the T-Arena. Our full range of equipment and warehouses are located at entrance gate no. 7 of the BVV grounds.<\/p>\n<ul>\n<li><strong>Unmatched speed<\/strong>\u00a0\u2013 thanks to our location just 200&nbsp;m far from the arena, we can respond immediately.<\/li>\n<li><strong>Our own equipment &amp; warehouse<\/strong> \u2013 we have 6,000&nbsp;m\u00b2 of warehouse space and modern equipment, including cranes and forklifts (3\u201316 t).<\/li>\n<li><strong>Official partner of the exhibition grounds<\/strong>\u00a0\u2013 we are the exclusive logistics partner of Veletrhy Brno a.s.<\/li>\n<li><strong>International standards<\/strong> \u2013 we have experience providing premium and flexible services and communicate with both domestic clients and major international agencies that come to Brno or other Czech cities to organize a&nbsp;trade fair or conference.<\/li>\n<\/ul>\n<\/div>\n\n\n\n<div class=\"wp-block-column is-layout-flow wp-block-column-is-layout-flow\">\n<figure class=\"wp-block-image size-large\"><img loading=\"lazy\" decoding=\"async\" width=\"1024\" height=\"777\" src=\"https:\/\/immix.cz\/wp-content\/uploads\/2026\/03\/screenshot-2026-03-12-at-13.20.36-1024x777.png\" alt=\"\" class=\"wp-image-1619\" srcset=\"https:\/\/immix.cz\/wp-content\/uploads\/2026\/03\/screenshot-2026-03-12-at-13.20.36-1024x777.png 1024w, https:\/\/immix.cz\/wp-content\/uploads\/2026\/03\/screenshot-2026-03-12-at-13.20.36-300x228.png 300w, https:\/\/immix.cz\/wp-content\/uploads\/2026\/03\/screenshot-2026-03-12-at-13.20.36-768x582.png 768w, https:\/\/immix.cz\/wp-content\/uploads\/2026\/03\/screenshot-2026-03-12-at-13.20.36-136x103.png 136w, https:\/\/immix.cz\/wp-content\/uploads\/2026\/03\/screenshot-2026-03-12-at-13.20.36-745x565.png 745w, https:\/\/immix.cz\/wp-content\/uploads\/2026\/03\/screenshot-2026-03-12-at-13.20.36.png 1126w\" sizes=\"auto, (max-width: 1024px) 100vw, 1024px\" \/><\/figure>\n<\/div>\n<\/div>\n\n\n<h2>OUR SERVICES<\/h2>\n<h3>Comprehensive, Tailored Logistics Solutions<\/h3>\n<p>Whether you\u2019re organizing a&nbsp;concert, trade fair, or conference, we\u2019ll take care of everything \u201cbehind the scenes\u201d:<\/p>\n<p>Services<\/p>\n<ul>\n<li>Transport &amp; Freight Forwarding: truck, sea, and air transport of exhibits and equipment from around the world.<\/li>\n<li>Handling: unloading and installation of heavy loads, oversized sets, and equipment.<\/li>\n<li>Storage: short-term and long-term temporary storage in our climate-controlled warehouses in Brno.<\/li>\n<li>Customs Services: Complete customs clearance of shipments from non-EU countries directly on-site.<\/li>\n<\/ul>\n\n\n<div class=\"wp-block-columns is-layout-flex wp-container-core-columns-is-layout-28f84493 wp-block-columns-is-layout-flex\">\n<div class=\"wp-block-column is-layout-flow wp-block-column-is-layout-flow\">\n<h2>REFERENCES &amp; EXPERIENCE<\/h2>\n<h3>Tested by Extreme Challenges<\/h3>\n<p>We can do more than just transport boxes. Our experience includes:<\/p>\n<ul>\n<li>Mark Ztracen\u00fd and the band Kab\u00e1t\u2019s tour: Logistics for materials between cities.<\/li>\n<li>Sports events: Transport of racing bobsleds for Olympians to Sochi.<\/li>\n<li>Specialties: Transport of L 410 NG aircraft or 60-ton turbines to Ukraine.<\/li>\n<\/ul>\n<p><br \/>\u201cOur team consists of 25 professionals and 30 experienced temporary workers, for whom safety and respect for the client\u2019s property come first.\u201d<\/p>\n<\/div>\n\n\n\n<div class=\"wp-block-column is-layout-flow wp-block-column-is-layout-flow\">\n<figure class=\"wp-block-image size-large\"><img loading=\"lazy\" decoding=\"async\" width=\"1024\" height=\"686\" src=\"https:\/\/immix.cz\/wp-content\/uploads\/2026\/03\/gemini_generated_image_o8denoo8denoo8de-1-1024x686.png\" alt=\"\" class=\"wp-image-1658\" srcset=\"https:\/\/immix.cz\/wp-content\/uploads\/2026\/03\/gemini_generated_image_o8denoo8denoo8de-1-1024x686.png 1024w, https:\/\/immix.cz\/wp-content\/uploads\/2026\/03\/gemini_generated_image_o8denoo8denoo8de-1-300x201.png 300w, https:\/\/immix.cz\/wp-content\/uploads\/2026\/03\/gemini_generated_image_o8denoo8denoo8de-1-768x515.png 768w, https:\/\/immix.cz\/wp-content\/uploads\/2026\/03\/gemini_generated_image_o8denoo8denoo8de-1-1536x1029.png 1536w, https:\/\/immix.cz\/wp-content\/uploads\/2026\/03\/gemini_generated_image_o8denoo8denoo8de-1-2048x1372.png 2048w, https:\/\/immix.cz\/wp-content\/uploads\/2026\/03\/gemini_generated_image_o8denoo8denoo8de-1-136x91.png 136w, https:\/\/immix.cz\/wp-content\/uploads\/2026\/03\/gemini_generated_image_o8denoo8denoo8de-1-745x499.png 745w\" sizes=\"auto, (max-width: 1024px) 100vw, 1024px\" \/><\/figure>\n<\/div>\n<\/div>\n\n\n\n<p><\/p>\n","protected":false},"excerpt":{"rendered":"<p>Complete service from transportation to handling \u2013 right next to the venue We\u2019re just 200&nbsp;m far from the arena. We &#8230;<\/p>\n","protected":false},"author":29,"featured_media":1607,"comment_status":"closed","ping_status":"closed","sticky":false,"template":"","format":"standard","meta":{"_acf_changed":false,"footnotes":""},"categories":[39],"tags":[],"class_list":["post-1686","post","type-post","status-publish","format-standard","has-post-thumbnail","hentry","category-storage"],"acf":[],"yoast_head":"<!-- This site is optimized with the Yoast SEO plugin v25.6 - https:\/\/yoast.com\/wordpress\/plugins\/seo\/ -->\n<title>Seamless logistics for your event at T-Arena Brno - Veletr\u017en\u00ed logistika a mezin\u00e1rodn\u00ed spedice | IMMIX.cz<\/title>\n<meta name=\"robots\" content=\"index, follow, max-snippet:-1, max-image-preview:large, max-video-preview:-1\" \/>\n<link rel=\"canonical\" href=\"https:\/\/immix.cz\/en\/bezproblemova-logistika-pro-vasi-akci-v-t-arene-brno\/\" \/>\n<meta property=\"og:locale\" content=\"en_US\" \/>\n<meta property=\"og:type\" content=\"article\" \/>\n<meta property=\"og:title\" content=\"Seamless logistics for your event at T-Arena Brno - Veletr\u017en\u00ed logistika a mezin\u00e1rodn\u00ed spedice | IMMIX.cz\" \/>\n<meta property=\"og:description\" content=\"Complete service from transportation to handling \u2013 right next to the venue We\u2019re just 200 m far from the arena. We ...\" \/>\n<meta property=\"og:url\" content=\"https:\/\/immix.cz\/en\/bezproblemova-logistika-pro-vasi-akci-v-t-arene-brno\/\" \/>\n<meta property=\"og:site_name\" content=\"Veletr\u017en\u00ed logistika a mezin\u00e1rodn\u00ed spedice | IMMIX.cz\" \/>\n<meta property=\"article:published_time\" content=\"2026-03-19T20:54:47+00:00\" \/>\n<meta property=\"article:modified_time\" content=\"2026-04-15T14:20:05+00:00\" \/>\n<meta property=\"og:image\" content=\"https:\/\/immix.cz\/wp-content\/uploads\/2026\/03\/t-mobile-arena-1_thumb-1.jpg\" \/>\n\t<meta property=\"og:image:width\" content=\"1600\" \/>\n\t<meta property=\"og:image:height\" content=\"900\" \/>\n\t<meta property=\"og:image:type\" content=\"image\/jpeg\" \/>\n<meta name=\"author\" content=\"Nat\u00e1lie Sv\u011br\u00e1kov\u00e1\" \/>\n<meta name=\"twitter:card\" content=\"summary_large_image\" \/>\n<script type=\"application\/ld+json\" class=\"yoast-schema-graph\">{\"@context\":\"https:\/\/schema.org\",\"@graph\":[{\"@type\":\"WebPage\",\"@id\":\"https:\/\/immix.cz\/en\/bezproblemova-logistika-pro-vasi-akci-v-t-arene-brno\/\",\"url\":\"https:\/\/immix.cz\/en\/bezproblemova-logistika-pro-vasi-akci-v-t-arene-brno\/\",\"name\":\"Seamless logistics for your event at T-Arena Brno - Veletr\u017en\u00ed logistika a mezin\u00e1rodn\u00ed spedice | IMMIX.cz\",\"isPartOf\":{\"@id\":\"https:\/\/immix.cz\/en\/#website\"},\"primaryImageOfPage\":{\"@id\":\"https:\/\/immix.cz\/en\/bezproblemova-logistika-pro-vasi-akci-v-t-arene-brno\/#primaryimage\"},\"image\":{\"@id\":\"https:\/\/immix.cz\/en\/bezproblemova-logistika-pro-vasi-akci-v-t-arene-brno\/#primaryimage\"},\"thumbnailUrl\":\"https:\/\/immix.cz\/wp-content\/uploads\/2026\/03\/t-mobile-arena-1_thumb-1.jpg\",\"datePublished\":\"2026-03-19T20:54:47+00:00\",\"dateModified\":\"2026-04-15T14:20:05+00:00\",\"author\":{\"@id\":\"https:\/\/immix.cz\/en\/#\/schema\/person\/49eac4afb5fc44c5e09103b40357e6cb\"},\"breadcrumb\":{\"@id\":\"https:\/\/immix.cz\/en\/bezproblemova-logistika-pro-vasi-akci-v-t-arene-brno\/#breadcrumb\"},\"inLanguage\":\"en-US\",\"potentialAction\":[{\"@type\":\"ReadAction\",\"target\":[\"https:\/\/immix.cz\/en\/bezproblemova-logistika-pro-vasi-akci-v-t-arene-brno\/\"]}]},{\"@type\":\"ImageObject\",\"inLanguage\":\"en-US\",\"@id\":\"https:\/\/immix.cz\/en\/bezproblemova-logistika-pro-vasi-akci-v-t-arene-brno\/#primaryimage\",\"url\":\"https:\/\/immix.cz\/wp-content\/uploads\/2026\/03\/t-mobile-arena-1_thumb-1.jpg\",\"contentUrl\":\"https:\/\/immix.cz\/wp-content\/uploads\/2026\/03\/t-mobile-arena-1_thumb-1.jpg\",\"width\":1600,\"height\":900},{\"@type\":\"BreadcrumbList\",\"@id\":\"https:\/\/immix.cz\/en\/bezproblemova-logistika-pro-vasi-akci-v-t-arene-brno\/#breadcrumb\",\"itemListElement\":[{\"@type\":\"ListItem\",\"position\":1,\"name\":\"Dom\u016f\",\"item\":\"https:\/\/immix.cz\/en\/\"},{\"@type\":\"ListItem\",\"position\":2,\"name\":\"Seamless logistics for your event at T-Arena Brno\"}]},{\"@type\":\"WebSite\",\"@id\":\"https:\/\/immix.cz\/en\/#website\",\"url\":\"https:\/\/immix.cz\/en\/\",\"name\":\"Veletr\u017en\u00ed logistika a mezin\u00e1rodn\u00ed spedice | IMMIX.cz\",\"description\":\"V IMMIX se zam\u011b\u0159ujeme na poskytov\u00e1n\u00ed \u0161pi\u010dkov\u00fdch slu\u017eeb z oblast\u00ed veletr\u017en\u00ed logistiky, mezin\u00e1rodn\u00ed spedice, skladov\u00e1n\u00ed a v r\u00e1mci dal\u0161\u00edch p\u0159idru\u017een\u00fdch \u010dinnost\u00ed.\",\"potentialAction\":[{\"@type\":\"SearchAction\",\"target\":{\"@type\":\"EntryPoint\",\"urlTemplate\":\"https:\/\/immix.cz\/en\/?s={search_term_string}\"},\"query-input\":{\"@type\":\"PropertyValueSpecification\",\"valueRequired\":true,\"valueName\":\"search_term_string\"}}],\"inLanguage\":\"en-US\"},{\"@type\":\"Person\",\"@id\":\"https:\/\/immix.cz\/en\/#\/schema\/person\/49eac4afb5fc44c5e09103b40357e6cb\",\"name\":\"Nat\u00e1lie Sv\u011br\u00e1kov\u00e1\",\"image\":{\"@type\":\"ImageObject\",\"inLanguage\":\"en-US\",\"@id\":\"https:\/\/immix.cz\/en\/#\/schema\/person\/image\/\",\"url\":\"https:\/\/secure.gravatar.com\/avatar\/06470e5d0f1f6a801674b1e11b791c6f59bdd3bb5d606a13ab7915507525878c?s=96&d=mm&r=g\",\"contentUrl\":\"https:\/\/secure.gravatar.com\/avatar\/06470e5d0f1f6a801674b1e11b791c6f59bdd3bb5d606a13ab7915507525878c?s=96&d=mm&r=g\",\"caption\":\"Nat\u00e1lie Sv\u011br\u00e1kov\u00e1\"}}]}<\/script>\n<!-- \/ Yoast SEO plugin. -->","yoast_head_json":{"title":"Seamless logistics for your event at T-Arena Brno - Veletr\u017en\u00ed logistika a mezin\u00e1rodn\u00ed spedice | IMMIX.cz","robots":{"index":"index","follow":"follow","max-snippet":"max-snippet:-1","max-image-preview":"max-image-preview:large","max-video-preview":"max-video-preview:-1"},"canonical":"https:\/\/immix.cz\/en\/bezproblemova-logistika-pro-vasi-akci-v-t-arene-brno\/","og_locale":"en_US","og_type":"article","og_title":"Seamless logistics for your event at T-Arena Brno - Veletr\u017en\u00ed logistika a mezin\u00e1rodn\u00ed spedice | IMMIX.cz","og_description":"Complete service from transportation to handling \u2013 right next to the venue We\u2019re just 200 m far from the arena. We ...","og_url":"https:\/\/immix.cz\/en\/bezproblemova-logistika-pro-vasi-akci-v-t-arene-brno\/","og_site_name":"Veletr\u017en\u00ed logistika a mezin\u00e1rodn\u00ed spedice | IMMIX.cz","article_published_time":"2026-03-19T20:54:47+00:00","article_modified_time":"2026-04-15T14:20:05+00:00","og_image":[{"width":1600,"height":900,"url":"https:\/\/immix.cz\/wp-content\/uploads\/2026\/03\/t-mobile-arena-1_thumb-1.jpg","type":"image\/jpeg"}],"author":"Nat\u00e1lie Sv\u011br\u00e1kov\u00e1","twitter_card":"summary_large_image","schema":{"@context":"https:\/\/schema.org","@graph":[{"@type":"WebPage","@id":"https:\/\/immix.cz\/en\/bezproblemova-logistika-pro-vasi-akci-v-t-arene-brno\/","url":"https:\/\/immix.cz\/en\/bezproblemova-logistika-pro-vasi-akci-v-t-arene-brno\/","name":"Seamless logistics for your event at T-Arena Brno - Veletr\u017en\u00ed logistika a mezin\u00e1rodn\u00ed spedice | IMMIX.cz","isPartOf":{"@id":"https:\/\/immix.cz\/en\/#website"},"primaryImageOfPage":{"@id":"https:\/\/immix.cz\/en\/bezproblemova-logistika-pro-vasi-akci-v-t-arene-brno\/#primaryimage"},"image":{"@id":"https:\/\/immix.cz\/en\/bezproblemova-logistika-pro-vasi-akci-v-t-arene-brno\/#primaryimage"},"thumbnailUrl":"https:\/\/immix.cz\/wp-content\/uploads\/2026\/03\/t-mobile-arena-1_thumb-1.jpg","datePublished":"2026-03-19T20:54:47+00:00","dateModified":"2026-04-15T14:20:05+00:00","author":{"@id":"https:\/\/immix.cz\/en\/#\/schema\/person\/49eac4afb5fc44c5e09103b40357e6cb"},"breadcrumb":{"@id":"https:\/\/immix.cz\/en\/bezproblemova-logistika-pro-vasi-akci-v-t-arene-brno\/#breadcrumb"},"inLanguage":"en-US","potentialAction":[{"@type":"ReadAction","target":["https:\/\/immix.cz\/en\/bezproblemova-logistika-pro-vasi-akci-v-t-arene-brno\/"]}]},{"@type":"ImageObject","inLanguage":"en-US","@id":"https:\/\/immix.cz\/en\/bezproblemova-logistika-pro-vasi-akci-v-t-arene-brno\/#primaryimage","url":"https:\/\/immix.cz\/wp-content\/uploads\/2026\/03\/t-mobile-arena-1_thumb-1.jpg","contentUrl":"https:\/\/immix.cz\/wp-content\/uploads\/2026\/03\/t-mobile-arena-1_thumb-1.jpg","width":1600,"height":900},{"@type":"BreadcrumbList","@id":"https:\/\/immix.cz\/en\/bezproblemova-logistika-pro-vasi-akci-v-t-arene-brno\/#breadcrumb","itemListElement":[{"@type":"ListItem","position":1,"name":"Dom\u016f","item":"https:\/\/immix.cz\/en\/"},{"@type":"ListItem","position":2,"name":"Seamless logistics for your event at T-Arena Brno"}]},{"@type":"WebSite","@id":"https:\/\/immix.cz\/en\/#website","url":"https:\/\/immix.cz\/en\/","name":"Veletr\u017en\u00ed logistika a mezin\u00e1rodn\u00ed spedice | IMMIX.cz","description":"V IMMIX se zam\u011b\u0159ujeme na poskytov\u00e1n\u00ed \u0161pi\u010dkov\u00fdch slu\u017eeb z oblast\u00ed veletr\u017en\u00ed logistiky, mezin\u00e1rodn\u00ed spedice, skladov\u00e1n\u00ed a v r\u00e1mci dal\u0161\u00edch p\u0159idru\u017een\u00fdch \u010dinnost\u00ed.","potentialAction":[{"@type":"SearchAction","target":{"@type":"EntryPoint","urlTemplate":"https:\/\/immix.cz\/en\/?s={search_term_string}"},"query-input":{"@type":"PropertyValueSpecification","valueRequired":true,"valueName":"search_term_string"}}],"inLanguage":"en-US"},{"@type":"Person","@id":"https:\/\/immix.cz\/en\/#\/schema\/person\/49eac4afb5fc44c5e09103b40357e6cb","name":"Nat\u00e1lie Sv\u011br\u00e1kov\u00e1","image":{"@type":"ImageObject","inLanguage":"en-US","@id":"https:\/\/immix.cz\/en\/#\/schema\/person\/image\/","url":"https:\/\/secure.gravatar.com\/avatar\/06470e5d0f1f6a801674b1e11b791c6f59bdd3bb5d606a13ab7915507525878c?s=96&d=mm&r=g","contentUrl":"https:\/\/secure.gravatar.com\/avatar\/06470e5d0f1f6a801674b1e11b791c6f59bdd3bb5d606a13ab7915507525878c?s=96&d=mm&r=g","caption":"Nat\u00e1lie Sv\u011br\u00e1kov\u00e1"}}]}},"_links":{"self":[{"href":"https:\/\/immix.cz\/en\/wp-json\/wp\/v2\/posts\/1686","targetHints":{"allow":["GET"]}}],"collection":[{"href":"https:\/\/immix.cz\/en\/wp-json\/wp\/v2\/posts"}],"about":[{"href":"https:\/\/immix.cz\/en\/wp-json\/wp\/v2\/types\/post"}],"author":[{"embeddable":true,"href":"https:\/\/immix.cz\/en\/wp-json\/wp\/v2\/users\/29"}],"replies":[{"embeddable":true,"href":"https:\/\/immix.cz\/en\/wp-json\/wp\/v2\/comments?post=1686"}],"version-history":[{"count":1,"href":"https:\/\/immix.cz\/en\/wp-json\/wp\/v2\/posts\/1686\/revisions"}],"predecessor-version":[{"id":1689,"href":"https:\/\/immix.cz\/en\/wp-json\/wp\/v2\/posts\/1686\/revisions\/1689"}],"wp:featuredmedia":[{"embeddable":true,"href":"https:\/\/immix.cz\/en\/wp-json\/wp\/v2\/media\/1607"}],"wp:attachment":[{"href":"https:\/\/immix.cz\/en\/wp-json\/wp\/v2\/media?parent=1686"}],"wp:term":[{"taxonomy":"category","embeddable":true,"href":"https:\/\/immix.cz\/en\/wp-json\/wp\/v2\/categories?post=1686"},{"taxonomy":"post_tag","embeddable":true,"href":"https:\/\/immix.cz\/en\/wp-json\/wp\/v2\/tags?post=1686"}],"curies":[{"name":"wp","href":"https:\/\/api.w.org\/{rel}","templated":true}]}}