{"id":39,"count":2,"description":"","link":"https:\/\/immix.cz\/en\/kategorie\/storage\/","name":"Storage","slug":"storage","taxonomy":"category","parent":0,"meta":[],"acf":[],"yoast_head":"<!-- This site is optimized with the Yoast SEO plugin v25.6 - https:\/\/yoast.com\/wordpress\/plugins\/seo\/ -->\n<title>Storage Archivy - Veletr\u017en\u00ed logistika a mezin\u00e1rodn\u00ed spedice | IMMIX.cz<\/title>\n<meta name=\"robots\" content=\"index, follow, max-snippet:-1, max-image-preview:large, max-video-preview:-1\" \/>\n<link rel=\"canonical\" href=\"https:\/\/immix.cz\/en\/kategorie\/storage\/\" \/>\n<meta property=\"og:locale\" content=\"en_US\" \/>\n<meta property=\"og:type\" content=\"article\" \/>\n<meta property=\"og:title\" content=\"Storage Archivy - Veletr\u017en\u00ed logistika a mezin\u00e1rodn\u00ed spedice | IMMIX.cz\" \/>\n<meta property=\"og:url\" content=\"https:\/\/immix.cz\/en\/kategorie\/storage\/\" \/>\n<meta property=\"og:site_name\" content=\"Veletr\u017en\u00ed logistika a mezin\u00e1rodn\u00ed spedice | IMMIX.cz\" \/>\n<meta name=\"twitter:card\" content=\"summary_large_image\" \/>\n<script type=\"application\/ld+json\" class=\"yoast-schema-graph\">{\"@context\":\"https:\/\/schema.org\",\"@graph\":[{\"@type\":\"CollectionPage\",\"@id\":\"https:\/\/immix.cz\/en\/kategorie\/storage\/\",\"url\":\"https:\/\/immix.cz\/en\/kategorie\/storage\/\",\"name\":\"Storage Archivy - Veletr\u017en\u00ed logistika a mezin\u00e1rodn\u00ed spedice | IMMIX.cz\",\"isPartOf\":{\"@id\":\"https:\/\/immix.cz\/en\/#website\"},\"breadcrumb\":{\"@id\":\"https:\/\/immix.cz\/en\/kategorie\/storage\/#breadcrumb\"},\"inLanguage\":\"en-US\"},{\"@type\":\"BreadcrumbList\",\"@id\":\"https:\/\/immix.cz\/en\/kategorie\/storage\/#breadcrumb\",\"itemListElement\":[{\"@type\":\"ListItem\",\"position\":1,\"name\":\"Dom\u016f\",\"item\":\"https:\/\/immix.cz\/en\/\"},{\"@type\":\"ListItem\",\"position\":2,\"name\":\"Storage\"}]},{\"@type\":\"WebSite\",\"@id\":\"https:\/\/immix.cz\/en\/#website\",\"url\":\"https:\/\/immix.cz\/en\/\",\"name\":\"Veletr\u017en\u00ed logistika a mezin\u00e1rodn\u00ed spedice | IMMIX.cz\",\"description\":\"V IMMIX se zam\u011b\u0159ujeme na poskytov\u00e1n\u00ed \u0161pi\u010dkov\u00fdch slu\u017eeb z oblast\u00ed veletr\u017en\u00ed logistiky, mezin\u00e1rodn\u00ed spedice, skladov\u00e1n\u00ed a v r\u00e1mci dal\u0161\u00edch p\u0159idru\u017een\u00fdch \u010dinnost\u00ed.\",\"potentialAction\":[{\"@type\":\"SearchAction\",\"target\":{\"@type\":\"EntryPoint\",\"urlTemplate\":\"https:\/\/immix.cz\/en\/?s={search_term_string}\"},\"query-input\":{\"@type\":\"PropertyValueSpecification\",\"valueRequired\":true,\"valueName\":\"search_term_string\"}}],\"inLanguage\":\"en-US\"}]}<\/script>\n<!-- \/ Yoast SEO plugin. -->","yoast_head_json":{"title":"Storage Archivy - Veletr\u017en\u00ed logistika a mezin\u00e1rodn\u00ed spedice | IMMIX.cz","robots":{"index":"index","follow":"follow","max-snippet":"max-snippet:-1","max-image-preview":"max-image-preview:large","max-video-preview":"max-video-preview:-1"},"canonical":"https:\/\/immix.cz\/en\/kategorie\/storage\/","og_locale":"en_US","og_type":"article","og_title":"Storage Archivy - Veletr\u017en\u00ed logistika a mezin\u00e1rodn\u00ed spedice | IMMIX.cz","og_url":"https:\/\/immix.cz\/en\/kategorie\/storage\/","og_site_name":"Veletr\u017en\u00ed logistika a mezin\u00e1rodn\u00ed spedice | IMMIX.cz","twitter_card":"summary_large_image","schema":{"@context":"https:\/\/schema.org","@graph":[{"@type":"CollectionPage","@id":"https:\/\/immix.cz\/en\/kategorie\/storage\/","url":"https:\/\/immix.cz\/en\/kategorie\/storage\/","name":"Storage Archivy - Veletr\u017en\u00ed logistika a mezin\u00e1rodn\u00ed spedice | IMMIX.cz","isPartOf":{"@id":"https:\/\/immix.cz\/en\/#website"},"breadcrumb":{"@id":"https:\/\/immix.cz\/en\/kategorie\/storage\/#breadcrumb"},"inLanguage":"en-US"},{"@type":"BreadcrumbList","@id":"https:\/\/immix.cz\/en\/kategorie\/storage\/#breadcrumb","itemListElement":[{"@type":"ListItem","position":1,"name":"Dom\u016f","item":"https:\/\/immix.cz\/en\/"},{"@type":"ListItem","position":2,"name":"Storage"}]},{"@type":"WebSite","@id":"https:\/\/immix.cz\/en\/#website","url":"https:\/\/immix.cz\/en\/","name":"Veletr\u017en\u00ed logistika a mezin\u00e1rodn\u00ed spedice | IMMIX.cz","description":"V IMMIX se zam\u011b\u0159ujeme na poskytov\u00e1n\u00ed \u0161pi\u010dkov\u00fdch slu\u017eeb z oblast\u00ed veletr\u017en\u00ed logistiky, mezin\u00e1rodn\u00ed spedice, skladov\u00e1n\u00ed a v r\u00e1mci dal\u0161\u00edch p\u0159idru\u017een\u00fdch \u010dinnost\u00ed.","potentialAction":[{"@type":"SearchAction","target":{"@type":"EntryPoint","urlTemplate":"https:\/\/immix.cz\/en\/?s={search_term_string}"},"query-input":{"@type":"PropertyValueSpecification","valueRequired":true,"valueName":"search_term_string"}}],"inLanguage":"en-US"}]}},"_links":{"self":[{"href":"https:\/\/immix.cz\/en\/wp-json\/wp\/v2\/categories\/39","targetHints":{"allow":["GET"]}}],"collection":[{"href":"https:\/\/immix.cz\/en\/wp-json\/wp\/v2\/categories"}],"about":[{"href":"https:\/\/immix.cz\/en\/wp-json\/wp\/v2\/taxonomies\/category"}],"wp:post_type":[{"href":"https:\/\/immix.cz\/en\/wp-json\/wp\/v2\/posts?categories=39"}],"curies":[{"name":"wp","href":"https:\/\/api.w.org\/{rel}","templated":true}]}}